{"id":14568,"date":"2023-05-31T11:34:42","date_gmt":"2023-05-31T09:34:42","guid":{"rendered":"https:\/\/www.skb.tu-berlin.de\/?p=14568"},"modified":"2024-10-08T22:21:32","modified_gmt":"2024-10-08T20:21:32","slug":"sprach-und-kulturboerse-abschlussparty-des-sommersemesters-2023","status":"publish","type":"post","link":"https:\/\/www.skb.tu-berlin.de\/en\/sprach-und-kulturboerse-abschlussparty-des-sommersemesters-2023\/","title":{"rendered":"SKB Closing party for the 2024 summer semester"},"content":{"rendered":"<p><strong>Abschlussparty des Sommersemesters 2024 \/ Closing party for the 2024 summer semester<br \/>\n<\/strong><\/p>\n<p>Hello everyone,<\/p>\n<p>Es ist wieder Zeit f\u00fcr unsere Semesterabschlussparty! Lasst uns zusammenkommen und das Ende des Semesters feiern. Wir m\u00f6chten diesen besonderen Moment mit euch teilen und auf all die aufregenden Erfahrungen der vergangenen Monate zur\u00fcckblicken.<br \/>\nOb ihr einfach nur eine entspannte Zeit genie\u00dfen oder euch auf gute Gesellschaft freuen m\u00f6chtet &#8211; ihr seid herzlich willkommen. Wir haben Getr\u00e4nke und tolle Musik vorbereitet, um sicherzustellen, dass ihr euch rundum wohl f\u00fchlt.<\/p>\n<p>So don't hesitate to join us in celebrating the end of the semester. We're incredibly excited to welcome you there and share an unforgettable time together!<\/p>\n<p>Wann? Freitag 27.09.2024; ab 19:00 Uhr &#8211; open end<br \/>\nWo? Im Innenhof des Architekturgeb\u00e4udes (Stra\u00dfe des 17. Juni 152, 10623 Berlin)<\/p>\n<p>&#8212;&#8212;&#8211;<\/p>\n<p>Hello everyone,<\/p>\n<p>It&#8217;s that time again! The semester is coming to an end, and we want to celebrate this special moment with you. You are warmly invited to the SKB end-of-semester party. We look forward to spending this evening with you and reflecting on all the exciting experiences of the past months.<br \/>\nWhether you&#8217;re looking for a relaxed way to end the semester or just craving a great time in good company &#8211; you&#8217;re in the right place. We&#8217;ve prepared drinks, and great music to ensure you feel completely at ease.<\/p>\n<p>So don&#8217;t hesitate to join us in celebrating the end of the semester. We&#8217;re incredibly excited to welcome you there and share an unforgettable time together!<\/p>\n<p>When? Friday 27.09.2024; from 7:00pm &#8211; open end<br \/>\nWhere? In the courtyard of the architecture building (Stra\u00dfe des 17. Juni 152, 10623 Berlin)<\/p>","protected":false},"excerpt":{"rendered":"<p>Abschlussparty des Sommersemesters 2024 \/ Closing party for the 2024 summer semester Hallo ihr Lieben, Es ist wieder Zeit f\u00fcr unsere Semesterabschlussparty! Lasst uns zusammenkommen und das Ende des Semesters feiern. Wir m\u00f6chten diesen besonderen Moment mit euch teilen und auf all die aufregenden Erfahrungen der vergangenen Monate zur\u00fcckblicken. Ob ihr einfach nur eine entspannte [&hellip;]<\/p>","protected":false},"author":565,"featured_media":23022,"comment_status":"open","ping_status":"open","sticky":false,"template":"","format":"standard","meta":{"_et_pb_use_builder":"","_et_pb_old_content":"","_et_gb_content_width":"","inline_featured_image":false,"footnotes":""},"categories":[9],"tags":[],"class_list":["post-14568","post","type-post","status-publish","format-standard","has-post-thumbnail","hentry","category-neuigkeiten"],"yoast_head":"<!-- This site is optimized with the Yoast SEO plugin v26.1.1 - https:\/\/yoast.com\/wordpress\/plugins\/seo\/ -->\n<title>SKB-Abschlussparty des Sommersemesters 2024 - SKB<\/title>\n<meta name=\"description\" content=\"Kommt vorbei und feiert mit uns das Ende des Semesters bei der gro\u00dfen Semesterabschlussparty der Sprach- und Kulturb\u00f6rse der TU Berlin\" \/>\n<meta name=\"robots\" content=\"index, follow, max-snippet:-1, max-image-preview:large, max-video-preview:-1\" \/>\n<link rel=\"canonical\" href=\"https:\/\/www.skb.tu-berlin.de\/en\/sprach-und-kulturboerse-abschlussparty-des-sommersemesters-2023\/\" \/>\n<meta property=\"og:locale\" content=\"en_US\" \/>\n<meta property=\"og:type\" content=\"article\" \/>\n<meta property=\"og:title\" content=\"SKB-Abschlussparty des Sommersemesters 2024 - SKB\" \/>\n<meta property=\"og:description\" content=\"Kommt vorbei und feiert mit uns das Ende des Semesters bei der gro\u00dfen Semesterabschlussparty der Sprach- und Kulturb\u00f6rse der TU Berlin\" \/>\n<meta property=\"og:url\" content=\"https:\/\/www.skb.tu-berlin.de\/en\/sprach-und-kulturboerse-abschlussparty-des-sommersemesters-2023\/\" \/>\n<meta property=\"og:site_name\" content=\"SKB\" \/>\n<meta property=\"article:published_time\" content=\"2023-05-31T09:34:42+00:00\" \/>\n<meta property=\"article:modified_time\" content=\"2024-10-08T20:21:32+00:00\" \/>\n<meta property=\"og:image\" content=\"https:\/\/www.skb.tu-berlin.de\/wp-content\/uploads\/2024\/04\/DSC55331-scaled.jpg\" \/>\n\t<meta property=\"og:image:width\" content=\"2560\" \/>\n\t<meta property=\"og:image:height\" content=\"1440\" \/>\n\t<meta property=\"og:image:type\" content=\"image\/jpeg\" \/>\n<meta name=\"author\" content=\"Kai\" \/>\n<meta name=\"twitter:card\" content=\"summary_large_image\" \/>\n<script type=\"application\/ld+json\" class=\"yoast-schema-graph\">{\"@context\":\"https:\/\/schema.org\",\"@graph\":[{\"@type\":\"WebPage\",\"@id\":\"https:\/\/www.skb.tu-berlin.de\/sprach-und-kulturboerse-abschlussparty-des-sommersemesters-2024\/\",\"url\":\"https:\/\/www.skb.tu-berlin.de\/sprach-und-kulturboerse-abschlussparty-des-sommersemesters-2024\/\",\"name\":\"SKB-Abschlussparty des Sommersemesters 2024 - SKB\",\"isPartOf\":{\"@id\":\"https:\/\/www.skb.tu-berlin.de\/#website\"},\"primaryImageOfPage\":{\"@id\":\"https:\/\/www.skb.tu-berlin.de\/sprach-und-kulturboerse-abschlussparty-des-sommersemesters-2024\/#primaryimage\"},\"image\":{\"@id\":\"https:\/\/www.skb.tu-berlin.de\/sprach-und-kulturboerse-abschlussparty-des-sommersemesters-2024\/#primaryimage\"},\"thumbnailUrl\":\"https:\/\/www.skb.tu-berlin.de\/wp-content\/uploads\/2024\/04\/DSC55331-scaled.jpg\",\"datePublished\":\"2023-05-31T09:34:42+00:00\",\"dateModified\":\"2024-10-08T20:21:32+00:00\",\"author\":{\"@id\":\"https:\/\/www.skb.tu-berlin.de\/#\/schema\/person\/aa6d9182c86ab76f0d489916c398559c\"},\"description\":\"Kommt vorbei und feiert mit uns das Ende des Semesters bei der gro\u00dfen Semesterabschlussparty der Sprach- und Kulturb\u00f6rse der TU Berlin\",\"breadcrumb\":{\"@id\":\"https:\/\/www.skb.tu-berlin.de\/sprach-und-kulturboerse-abschlussparty-des-sommersemesters-2024\/#breadcrumb\"},\"inLanguage\":\"en-US\",\"potentialAction\":[{\"@type\":\"ReadAction\",\"target\":[\"https:\/\/www.skb.tu-berlin.de\/sprach-und-kulturboerse-abschlussparty-des-sommersemesters-2024\/\"]}]},{\"@type\":\"ImageObject\",\"inLanguage\":\"en-US\",\"@id\":\"https:\/\/www.skb.tu-berlin.de\/sprach-und-kulturboerse-abschlussparty-des-sommersemesters-2024\/#primaryimage\",\"url\":\"https:\/\/www.skb.tu-berlin.de\/wp-content\/uploads\/2024\/04\/DSC55331-scaled.jpg\",\"contentUrl\":\"https:\/\/www.skb.tu-berlin.de\/wp-content\/uploads\/2024\/04\/DSC55331-scaled.jpg\",\"width\":2560,\"height\":1440},{\"@type\":\"BreadcrumbList\",\"@id\":\"https:\/\/www.skb.tu-berlin.de\/sprach-und-kulturboerse-abschlussparty-des-sommersemesters-2024\/#breadcrumb\",\"itemListElement\":[{\"@type\":\"ListItem\",\"position\":1,\"name\":\"SKB\",\"item\":\"https:\/\/www.skb.tu-berlin.de\/\"},{\"@type\":\"ListItem\",\"position\":2,\"name\":\"SKB-Abschlussparty des Sommersemesters 2024\"}]},{\"@type\":\"WebSite\",\"@id\":\"https:\/\/www.skb.tu-berlin.de\/#website\",\"url\":\"https:\/\/www.skb.tu-berlin.de\/\",\"name\":\"SKB\",\"description\":\"Sprach- und Kulturb\u00f6rse TU Berlin\",\"potentialAction\":[{\"@type\":\"SearchAction\",\"target\":{\"@type\":\"EntryPoint\",\"urlTemplate\":\"https:\/\/www.skb.tu-berlin.de\/?s={search_term_string}\"},\"query-input\":{\"@type\":\"PropertyValueSpecification\",\"valueRequired\":true,\"valueName\":\"search_term_string\"}}],\"inLanguage\":\"en-US\"},{\"@type\":\"Person\",\"@id\":\"https:\/\/www.skb.tu-berlin.de\/#\/schema\/person\/aa6d9182c86ab76f0d489916c398559c\",\"name\":\"Kai\",\"image\":{\"@type\":\"ImageObject\",\"inLanguage\":\"en-US\",\"@id\":\"https:\/\/www.skb.tu-berlin.de\/#\/schema\/person\/image\/\",\"url\":\"https:\/\/secure.gravatar.com\/avatar\/1d1be1842b58de30012f076d868f66b08acac98bfe7736925382624f86ed70c4?s=96&d=mm&r=g\",\"contentUrl\":\"https:\/\/secure.gravatar.com\/avatar\/1d1be1842b58de30012f076d868f66b08acac98bfe7736925382624f86ed70c4?s=96&d=mm&r=g\",\"caption\":\"Kai\"}}]}<\/script>\n<!-- \/ Yoast SEO plugin. -->","yoast_head_json":{"title":"SKB-Abschlussparty des Sommersemesters 2024 - SKB","description":"Kommt vorbei und feiert mit uns das Ende des Semesters bei der gro\u00dfen Semesterabschlussparty der Sprach- und Kulturb\u00f6rse der TU Berlin","robots":{"index":"index","follow":"follow","max-snippet":"max-snippet:-1","max-image-preview":"max-image-preview:large","max-video-preview":"max-video-preview:-1"},"canonical":"https:\/\/www.skb.tu-berlin.de\/en\/sprach-und-kulturboerse-abschlussparty-des-sommersemesters-2023\/","og_locale":"en_US","og_type":"article","og_title":"SKB-Abschlussparty des Sommersemesters 2024 - SKB","og_description":"Kommt vorbei und feiert mit uns das Ende des Semesters bei der gro\u00dfen Semesterabschlussparty der Sprach- und Kulturb\u00f6rse der TU Berlin","og_url":"https:\/\/www.skb.tu-berlin.de\/en\/sprach-und-kulturboerse-abschlussparty-des-sommersemesters-2023\/","og_site_name":"SKB","article_published_time":"2023-05-31T09:34:42+00:00","article_modified_time":"2024-10-08T20:21:32+00:00","og_image":[{"width":2560,"height":1440,"url":"https:\/\/www.skb.tu-berlin.de\/wp-content\/uploads\/2024\/04\/DSC55331-scaled.jpg","type":"image\/jpeg"}],"author":"Kai","twitter_card":"summary_large_image","schema":{"@context":"https:\/\/schema.org","@graph":[{"@type":"WebPage","@id":"https:\/\/www.skb.tu-berlin.de\/sprach-und-kulturboerse-abschlussparty-des-sommersemesters-2024\/","url":"https:\/\/www.skb.tu-berlin.de\/sprach-und-kulturboerse-abschlussparty-des-sommersemesters-2024\/","name":"SKB-Abschlussparty des Sommersemesters 2024 - SKB","isPartOf":{"@id":"https:\/\/www.skb.tu-berlin.de\/#website"},"primaryImageOfPage":{"@id":"https:\/\/www.skb.tu-berlin.de\/sprach-und-kulturboerse-abschlussparty-des-sommersemesters-2024\/#primaryimage"},"image":{"@id":"https:\/\/www.skb.tu-berlin.de\/sprach-und-kulturboerse-abschlussparty-des-sommersemesters-2024\/#primaryimage"},"thumbnailUrl":"https:\/\/www.skb.tu-berlin.de\/wp-content\/uploads\/2024\/04\/DSC55331-scaled.jpg","datePublished":"2023-05-31T09:34:42+00:00","dateModified":"2024-10-08T20:21:32+00:00","author":{"@id":"https:\/\/www.skb.tu-berlin.de\/#\/schema\/person\/aa6d9182c86ab76f0d489916c398559c"},"description":"Kommt vorbei und feiert mit uns das Ende des Semesters bei der gro\u00dfen Semesterabschlussparty der Sprach- und Kulturb\u00f6rse der TU Berlin","breadcrumb":{"@id":"https:\/\/www.skb.tu-berlin.de\/sprach-und-kulturboerse-abschlussparty-des-sommersemesters-2024\/#breadcrumb"},"inLanguage":"en-US","potentialAction":[{"@type":"ReadAction","target":["https:\/\/www.skb.tu-berlin.de\/sprach-und-kulturboerse-abschlussparty-des-sommersemesters-2024\/"]}]},{"@type":"ImageObject","inLanguage":"en-US","@id":"https:\/\/www.skb.tu-berlin.de\/sprach-und-kulturboerse-abschlussparty-des-sommersemesters-2024\/#primaryimage","url":"https:\/\/www.skb.tu-berlin.de\/wp-content\/uploads\/2024\/04\/DSC55331-scaled.jpg","contentUrl":"https:\/\/www.skb.tu-berlin.de\/wp-content\/uploads\/2024\/04\/DSC55331-scaled.jpg","width":2560,"height":1440},{"@type":"BreadcrumbList","@id":"https:\/\/www.skb.tu-berlin.de\/sprach-und-kulturboerse-abschlussparty-des-sommersemesters-2024\/#breadcrumb","itemListElement":[{"@type":"ListItem","position":1,"name":"SKB","item":"https:\/\/www.skb.tu-berlin.de\/"},{"@type":"ListItem","position":2,"name":"SKB-Abschlussparty des Sommersemesters 2024"}]},{"@type":"WebSite","@id":"https:\/\/www.skb.tu-berlin.de\/#website","url":"https:\/\/www.skb.tu-berlin.de\/","name":"SKB","description":"Language and Culture Exchange TU Berlin","potentialAction":[{"@type":"SearchAction","target":{"@type":"EntryPoint","urlTemplate":"https:\/\/www.skb.tu-berlin.de\/?s={search_term_string}"},"query-input":{"@type":"PropertyValueSpecification","valueRequired":true,"valueName":"search_term_string"}}],"inLanguage":"en-US"},{"@type":"Person","@id":"https:\/\/www.skb.tu-berlin.de\/#\/schema\/person\/aa6d9182c86ab76f0d489916c398559c","name":"Kai","image":{"@type":"ImageObject","inLanguage":"en-US","@id":"https:\/\/www.skb.tu-berlin.de\/#\/schema\/person\/image\/","url":"https:\/\/secure.gravatar.com\/avatar\/1d1be1842b58de30012f076d868f66b08acac98bfe7736925382624f86ed70c4?s=96&d=mm&r=g","contentUrl":"https:\/\/secure.gravatar.com\/avatar\/1d1be1842b58de30012f076d868f66b08acac98bfe7736925382624f86ed70c4?s=96&d=mm&r=g","caption":"Kai"}}]}},"_links":{"self":[{"href":"https:\/\/www.skb.tu-berlin.de\/en\/wp-json\/wp\/v2\/posts\/14568","targetHints":{"allow":["GET"]}}],"collection":[{"href":"https:\/\/www.skb.tu-berlin.de\/en\/wp-json\/wp\/v2\/posts"}],"about":[{"href":"https:\/\/www.skb.tu-berlin.de\/en\/wp-json\/wp\/v2\/types\/post"}],"author":[{"embeddable":true,"href":"https:\/\/www.skb.tu-berlin.de\/en\/wp-json\/wp\/v2\/users\/565"}],"replies":[{"embeddable":true,"href":"https:\/\/www.skb.tu-berlin.de\/en\/wp-json\/wp\/v2\/comments?post=14568"}],"version-history":[{"count":2,"href":"https:\/\/www.skb.tu-berlin.de\/en\/wp-json\/wp\/v2\/posts\/14568\/revisions"}],"predecessor-version":[{"id":27215,"href":"https:\/\/www.skb.tu-berlin.de\/en\/wp-json\/wp\/v2\/posts\/14568\/revisions\/27215"}],"wp:featuredmedia":[{"embeddable":true,"href":"https:\/\/www.skb.tu-berlin.de\/en\/wp-json\/wp\/v2\/media\/23022"}],"wp:attachment":[{"href":"https:\/\/www.skb.tu-berlin.de\/en\/wp-json\/wp\/v2\/media?parent=14568"}],"wp:term":[{"taxonomy":"category","embeddable":true,"href":"https:\/\/www.skb.tu-berlin.de\/en\/wp-json\/wp\/v2\/categories?post=14568"},{"taxonomy":"post_tag","embeddable":true,"href":"https:\/\/www.skb.tu-berlin.de\/en\/wp-json\/wp\/v2\/tags?post=14568"}],"curies":[{"name":"wp","href":"https:\/\/api.w.org\/{rel}","templated":true}]}}