{"id":31349,"date":"2025-02-19T03:09:10","date_gmt":"2025-02-19T01:09:10","guid":{"rendered":"https:\/\/www.skb.tu-berlin.de\/?p=31349"},"modified":"2025-11-27T23:44:01","modified_gmt":"2025-11-27T21:44:01","slug":"skb-semesterabschlussparty","status":"publish","type":"post","link":"https:\/\/www.skb.tu-berlin.de\/en\/skb-semesterabschlussparty\/","title":{"rendered":"SKB Closing Party of the 2025\/26 winter semester"},"content":{"rendered":"<p><strong>Abschlussparty des Wintersemesters 2025\/26 \/ Closing party for the 2025\/26 winter semester<br \/>\n<\/strong><\/p>\n<p>Hello everyone,<\/p>\n<p>It's that time again! The semester is coming to an end, and we want to celebrate this special moment with you. You are warmly invited to the SKB end-of-semester party. We look forward to spending this evening with you and reflecting on all the exciting experiences of the past months.<\/p>\n<p>Whether you're looking for a relaxed way to end the semester or just craving a great time in good company, you're in the right place. We've prepared food, drinks, and great music to ensure you feel completely at ease.<\/p>\n<p>Don't hesitate to join us in celebrating the end of the semester. We're incredibly excited to welcome you there and share an unforgettable time together!<\/p>\n<p><strong>Date:<\/strong> TBA (<span style=\"color: #000000;\"><span style=\"font-family: Arial, sans-serif;\"><span style=\"font-size: small;\"><span lang=\"de-DE\">end of February \/ beginning of March<\/span><\/span><\/span><\/span>)<br \/>\n<strong>Time: <\/strong>TBA<br \/>\n<strong>Place:<\/strong> TBA<\/p>","protected":false},"excerpt":{"rendered":"<p>Abschlussparty des Wintersemesters 2025\/26 \/ Closing party for the 2025\/26 winter semester Hallo ihr Lieben, es ist wieder Zeit f\u00fcr unsere Semesterabschlussparty! Lasst uns zusammenkommen und das Ende des Semesters feiern. Wir m\u00f6chten diesen besonderen Moment mit euch teilen und auf all die aufregenden Erfahrungen der vergangenen Monate zur\u00fcckblicken. Ob ihr einfach nur eine entspannte [&hellip;]<\/p>","protected":false},"author":19,"featured_media":23022,"comment_status":"closed","ping_status":"closed","sticky":false,"template":"","format":"standard","meta":{"_et_pb_use_builder":"","_et_pb_old_content":"","_et_gb_content_width":"","inline_featured_image":false,"footnotes":""},"categories":[7],"tags":[],"class_list":["post-31349","post","type-post","status-publish","format-standard","has-post-thumbnail","hentry","category-veranstaltungen"],"yoast_head":"<!-- This site is optimized with the Yoast SEO plugin v26.1.1 - https:\/\/yoast.com\/wordpress\/plugins\/seo\/ -->\n<title>SKB-Abschlussparty des Wintersemesters 2025\/26 - SKB<\/title>\n<meta name=\"description\" content=\"das kostenlose Kulturprogramm der Sprach- und Kulturb\u00f6rse der TU Berlin - Feiert mit uns das Ende des Semesters bei der gro\u00dfen Semesterabschlussparty!\" \/>\n<meta name=\"robots\" content=\"index, follow, max-snippet:-1, max-image-preview:large, max-video-preview:-1\" \/>\n<link rel=\"canonical\" href=\"https:\/\/www.skb.tu-berlin.de\/en\/skb-semesterabschlussparty\/\" \/>\n<meta property=\"og:locale\" content=\"en_US\" \/>\n<meta property=\"og:type\" content=\"article\" \/>\n<meta property=\"og:title\" content=\"SKB-Abschlussparty des Wintersemesters 2025\/26 - SKB\" \/>\n<meta property=\"og:description\" content=\"das kostenlose Kulturprogramm der Sprach- und Kulturb\u00f6rse der TU Berlin - Feiert mit uns das Ende des Semesters bei der gro\u00dfen Semesterabschlussparty!\" \/>\n<meta property=\"og:url\" content=\"https:\/\/www.skb.tu-berlin.de\/en\/skb-semesterabschlussparty\/\" \/>\n<meta property=\"og:site_name\" content=\"SKB\" \/>\n<meta property=\"article:published_time\" content=\"2025-02-19T01:09:10+00:00\" \/>\n<meta property=\"article:modified_time\" content=\"2025-11-27T21:44:01+00:00\" \/>\n<meta property=\"og:image\" content=\"https:\/\/www.skb.tu-berlin.de\/wp-content\/uploads\/2024\/04\/DSC55331-scaled.jpg\" \/>\n\t<meta property=\"og:image:width\" content=\"2560\" \/>\n\t<meta property=\"og:image:height\" content=\"1440\" \/>\n\t<meta property=\"og:image:type\" content=\"image\/jpeg\" \/>\n<meta name=\"author\" content=\"Christina\" \/>\n<meta name=\"twitter:card\" content=\"summary_large_image\" \/>\n<script type=\"application\/ld+json\" class=\"yoast-schema-graph\">{\"@context\":\"https:\/\/schema.org\",\"@graph\":[{\"@type\":\"WebPage\",\"@id\":\"https:\/\/www.skb.tu-berlin.de\/skb-semesterabschlussparty\/\",\"url\":\"https:\/\/www.skb.tu-berlin.de\/skb-semesterabschlussparty\/\",\"name\":\"SKB-Abschlussparty des Wintersemesters 2025\/26 - SKB\",\"isPartOf\":{\"@id\":\"https:\/\/www.skb.tu-berlin.de\/#website\"},\"primaryImageOfPage\":{\"@id\":\"https:\/\/www.skb.tu-berlin.de\/skb-semesterabschlussparty\/#primaryimage\"},\"image\":{\"@id\":\"https:\/\/www.skb.tu-berlin.de\/skb-semesterabschlussparty\/#primaryimage\"},\"thumbnailUrl\":\"https:\/\/www.skb.tu-berlin.de\/wp-content\/uploads\/2024\/04\/DSC55331-scaled.jpg\",\"datePublished\":\"2025-02-19T01:09:10+00:00\",\"dateModified\":\"2025-11-27T21:44:01+00:00\",\"author\":{\"@id\":\"https:\/\/www.skb.tu-berlin.de\/#\/schema\/person\/5190df22dc32780e851c15afdc4a1765\"},\"description\":\"das kostenlose Kulturprogramm der Sprach- und Kulturb\u00f6rse der TU Berlin - Feiert mit uns das Ende des Semesters bei der gro\u00dfen Semesterabschlussparty!\",\"breadcrumb\":{\"@id\":\"https:\/\/www.skb.tu-berlin.de\/skb-semesterabschlussparty\/#breadcrumb\"},\"inLanguage\":\"en-US\",\"potentialAction\":[{\"@type\":\"ReadAction\",\"target\":[\"https:\/\/www.skb.tu-berlin.de\/skb-semesterabschlussparty\/\"]}]},{\"@type\":\"ImageObject\",\"inLanguage\":\"en-US\",\"@id\":\"https:\/\/www.skb.tu-berlin.de\/skb-semesterabschlussparty\/#primaryimage\",\"url\":\"https:\/\/www.skb.tu-berlin.de\/wp-content\/uploads\/2024\/04\/DSC55331-scaled.jpg\",\"contentUrl\":\"https:\/\/www.skb.tu-berlin.de\/wp-content\/uploads\/2024\/04\/DSC55331-scaled.jpg\",\"width\":2560,\"height\":1440},{\"@type\":\"BreadcrumbList\",\"@id\":\"https:\/\/www.skb.tu-berlin.de\/skb-semesterabschlussparty\/#breadcrumb\",\"itemListElement\":[{\"@type\":\"ListItem\",\"position\":1,\"name\":\"SKB\",\"item\":\"https:\/\/www.skb.tu-berlin.de\/\"},{\"@type\":\"ListItem\",\"position\":2,\"name\":\"SKB-Abschlussparty des Wintersemesters 2025\/26\"}]},{\"@type\":\"WebSite\",\"@id\":\"https:\/\/www.skb.tu-berlin.de\/#website\",\"url\":\"https:\/\/www.skb.tu-berlin.de\/\",\"name\":\"SKB\",\"description\":\"Sprach- und Kulturb\u00f6rse TU Berlin\",\"potentialAction\":[{\"@type\":\"SearchAction\",\"target\":{\"@type\":\"EntryPoint\",\"urlTemplate\":\"https:\/\/www.skb.tu-berlin.de\/?s={search_term_string}\"},\"query-input\":{\"@type\":\"PropertyValueSpecification\",\"valueRequired\":true,\"valueName\":\"search_term_string\"}}],\"inLanguage\":\"en-US\"},{\"@type\":\"Person\",\"@id\":\"https:\/\/www.skb.tu-berlin.de\/#\/schema\/person\/5190df22dc32780e851c15afdc4a1765\",\"name\":\"Christina\",\"image\":{\"@type\":\"ImageObject\",\"inLanguage\":\"en-US\",\"@id\":\"https:\/\/www.skb.tu-berlin.de\/#\/schema\/person\/image\/\",\"url\":\"https:\/\/secure.gravatar.com\/avatar\/cadc372dd38752aeebaee4aaa7b43e6a929db54eb8a04b6356dc461f28eeb1ab?s=96&d=mm&r=g\",\"contentUrl\":\"https:\/\/secure.gravatar.com\/avatar\/cadc372dd38752aeebaee4aaa7b43e6a929db54eb8a04b6356dc461f28eeb1ab?s=96&d=mm&r=g\",\"caption\":\"Christina\"}}]}<\/script>\n<!-- \/ Yoast SEO plugin. -->","yoast_head_json":{"title":"SKB-Abschlussparty des Wintersemesters 2025\/26 - SKB","description":"das kostenlose Kulturprogramm der Sprach- und Kulturb\u00f6rse der TU Berlin - Feiert mit uns das Ende des Semesters bei der gro\u00dfen Semesterabschlussparty!","robots":{"index":"index","follow":"follow","max-snippet":"max-snippet:-1","max-image-preview":"max-image-preview:large","max-video-preview":"max-video-preview:-1"},"canonical":"https:\/\/www.skb.tu-berlin.de\/en\/skb-semesterabschlussparty\/","og_locale":"en_US","og_type":"article","og_title":"SKB-Abschlussparty des Wintersemesters 2025\/26 - SKB","og_description":"das kostenlose Kulturprogramm der Sprach- und Kulturb\u00f6rse der TU Berlin - Feiert mit uns das Ende des Semesters bei der gro\u00dfen Semesterabschlussparty!","og_url":"https:\/\/www.skb.tu-berlin.de\/en\/skb-semesterabschlussparty\/","og_site_name":"SKB","article_published_time":"2025-02-19T01:09:10+00:00","article_modified_time":"2025-11-27T21:44:01+00:00","og_image":[{"width":2560,"height":1440,"url":"https:\/\/www.skb.tu-berlin.de\/wp-content\/uploads\/2024\/04\/DSC55331-scaled.jpg","type":"image\/jpeg"}],"author":"Christina","twitter_card":"summary_large_image","schema":{"@context":"https:\/\/schema.org","@graph":[{"@type":"WebPage","@id":"https:\/\/www.skb.tu-berlin.de\/skb-semesterabschlussparty\/","url":"https:\/\/www.skb.tu-berlin.de\/skb-semesterabschlussparty\/","name":"SKB-Abschlussparty des Wintersemesters 2025\/26 - SKB","isPartOf":{"@id":"https:\/\/www.skb.tu-berlin.de\/#website"},"primaryImageOfPage":{"@id":"https:\/\/www.skb.tu-berlin.de\/skb-semesterabschlussparty\/#primaryimage"},"image":{"@id":"https:\/\/www.skb.tu-berlin.de\/skb-semesterabschlussparty\/#primaryimage"},"thumbnailUrl":"https:\/\/www.skb.tu-berlin.de\/wp-content\/uploads\/2024\/04\/DSC55331-scaled.jpg","datePublished":"2025-02-19T01:09:10+00:00","dateModified":"2025-11-27T21:44:01+00:00","author":{"@id":"https:\/\/www.skb.tu-berlin.de\/#\/schema\/person\/5190df22dc32780e851c15afdc4a1765"},"description":"das kostenlose Kulturprogramm der Sprach- und Kulturb\u00f6rse der TU Berlin - Feiert mit uns das Ende des Semesters bei der gro\u00dfen Semesterabschlussparty!","breadcrumb":{"@id":"https:\/\/www.skb.tu-berlin.de\/skb-semesterabschlussparty\/#breadcrumb"},"inLanguage":"en-US","potentialAction":[{"@type":"ReadAction","target":["https:\/\/www.skb.tu-berlin.de\/skb-semesterabschlussparty\/"]}]},{"@type":"ImageObject","inLanguage":"en-US","@id":"https:\/\/www.skb.tu-berlin.de\/skb-semesterabschlussparty\/#primaryimage","url":"https:\/\/www.skb.tu-berlin.de\/wp-content\/uploads\/2024\/04\/DSC55331-scaled.jpg","contentUrl":"https:\/\/www.skb.tu-berlin.de\/wp-content\/uploads\/2024\/04\/DSC55331-scaled.jpg","width":2560,"height":1440},{"@type":"BreadcrumbList","@id":"https:\/\/www.skb.tu-berlin.de\/skb-semesterabschlussparty\/#breadcrumb","itemListElement":[{"@type":"ListItem","position":1,"name":"SKB","item":"https:\/\/www.skb.tu-berlin.de\/"},{"@type":"ListItem","position":2,"name":"SKB-Abschlussparty des Wintersemesters 2025\/26"}]},{"@type":"WebSite","@id":"https:\/\/www.skb.tu-berlin.de\/#website","url":"https:\/\/www.skb.tu-berlin.de\/","name":"SKB","description":"Language and Culture Exchange TU Berlin","potentialAction":[{"@type":"SearchAction","target":{"@type":"EntryPoint","urlTemplate":"https:\/\/www.skb.tu-berlin.de\/?s={search_term_string}"},"query-input":{"@type":"PropertyValueSpecification","valueRequired":true,"valueName":"search_term_string"}}],"inLanguage":"en-US"},{"@type":"Person","@id":"https:\/\/www.skb.tu-berlin.de\/#\/schema\/person\/5190df22dc32780e851c15afdc4a1765","name":"Christina","image":{"@type":"ImageObject","inLanguage":"en-US","@id":"https:\/\/www.skb.tu-berlin.de\/#\/schema\/person\/image\/","url":"https:\/\/secure.gravatar.com\/avatar\/cadc372dd38752aeebaee4aaa7b43e6a929db54eb8a04b6356dc461f28eeb1ab?s=96&d=mm&r=g","contentUrl":"https:\/\/secure.gravatar.com\/avatar\/cadc372dd38752aeebaee4aaa7b43e6a929db54eb8a04b6356dc461f28eeb1ab?s=96&d=mm&r=g","caption":"Christina"}}]}},"_links":{"self":[{"href":"https:\/\/www.skb.tu-berlin.de\/en\/wp-json\/wp\/v2\/posts\/31349","targetHints":{"allow":["GET"]}}],"collection":[{"href":"https:\/\/www.skb.tu-berlin.de\/en\/wp-json\/wp\/v2\/posts"}],"about":[{"href":"https:\/\/www.skb.tu-berlin.de\/en\/wp-json\/wp\/v2\/types\/post"}],"author":[{"embeddable":true,"href":"https:\/\/www.skb.tu-berlin.de\/en\/wp-json\/wp\/v2\/users\/19"}],"replies":[{"embeddable":true,"href":"https:\/\/www.skb.tu-berlin.de\/en\/wp-json\/wp\/v2\/comments?post=31349"}],"version-history":[{"count":9,"href":"https:\/\/www.skb.tu-berlin.de\/en\/wp-json\/wp\/v2\/posts\/31349\/revisions"}],"predecessor-version":[{"id":37626,"href":"https:\/\/www.skb.tu-berlin.de\/en\/wp-json\/wp\/v2\/posts\/31349\/revisions\/37626"}],"wp:featuredmedia":[{"embeddable":true,"href":"https:\/\/www.skb.tu-berlin.de\/en\/wp-json\/wp\/v2\/media\/23022"}],"wp:attachment":[{"href":"https:\/\/www.skb.tu-berlin.de\/en\/wp-json\/wp\/v2\/media?parent=31349"}],"wp:term":[{"taxonomy":"category","embeddable":true,"href":"https:\/\/www.skb.tu-berlin.de\/en\/wp-json\/wp\/v2\/categories?post=31349"},{"taxonomy":"post_tag","embeddable":true,"href":"https:\/\/www.skb.tu-berlin.de\/en\/wp-json\/wp\/v2\/tags?post=31349"}],"curies":[{"name":"wp","href":"https:\/\/api.w.org\/{rel}","templated":true}]}}